{"id":1072,"date":"2012-11-06T17:09:15","date_gmt":"2012-11-06T17:09:15","guid":{"rendered":"http:\/\/www.ardae.ro\/?p=1072"},"modified":"2016-08-08T07:15:01","modified_gmt":"2016-08-08T07:15:01","slug":"dragos-alin-calin","status":"publish","type":"post","link":"http:\/\/www.ardae.ro\/?p=1072","title":{"rendered":"Drago\u015f-Alin C\u0103lin"},"content":{"rendered":"<p><!--more--><\/p>\n<p><b><a href=\"http:\/\/www.ardae.ro\/wp-content\/uploads\/Anamaria-Jinaru.jpg\"><br \/>\n<\/a> <img loading=\"lazy\" decoding=\"async\" class=\"alignleft size-medium wp-image-1082\" alt=\"Dragos Calin\" src=\"http:\/\/www.ardae.ro\/wp-content\/uploads\/Dragos-Calin-300x300.jpg\" width=\"300\" height=\"300\" srcset=\"http:\/\/www.ardae.ro\/wp-content\/uploads\/Dragos-Calin-300x300.jpg 300w, http:\/\/www.ardae.ro\/wp-content\/uploads\/Dragos-Calin-150x150.jpg 150w, http:\/\/www.ardae.ro\/wp-content\/uploads\/Dragos-Calin.jpg 337w\" sizes=\"(max-width: 300px) 100vw, 300px\" \/><\/b><\/p>\n<p><b>Drago\u0219 C\u0103lin<\/b><\/p>\n<p>&nbsp;<\/p>\n<p style=\"text-align: justify;\">Judecator la Curtea de Apel Bucuresti, formator al Institutului National al Magistraturii pentru formarea profesionala continua dreptul Uniunii Europene, cooperare judiciara internationala in materie civila si comerciala, dreptul muncii si dreptul asigurarilor sociale, inclusiv pentru ERA (European Law Academy Trier, Germania); cercetator stiintific asociat al Institutului de Cercetari Juridice al Academiei Romane \u2013 Centrul de Studii de Drept European, director al Revistei Forumul Judecatorilor, membru in colegiul stiintific al revistei Jurisclasor CEDO, coeditor al Revistei iaduer.ro &#8211; Afaceri juridice europene, membru fondator si copresedinte al Asociatiei Forumul Judecatorilor din Romania (2007-prezent), membru al Consiliului de Administratie GEMME Europe\u00a0 (mai 2010-prezent), vicepresedinte al GEMME Europe &#8211; Groupement Europ\u00e9en des Magistrats pour la M\u00e9diation (mai 2010-mai 2012), membru fondator al CIMJ (Conf\u00e9rence Internationale de M\u00e9diation pour la Justice), octombrie 2009, Paris, membru al Consiliului de Administratie si vicepresedinte CIMJ \u00a0(iulie 2012-prezent), secretar general al Asocia\u0163iei Rom\u00e2ne de Drept \u015fi Afaceri Europene, raportor na\u021bional pentru Rom\u00e2nia al International Academy of Comparative Law, XIX<i> <\/i><em>International Congress of Comparative Law<\/em><i> <\/i>(Viena, 2014).<\/p>\n<p style=\"text-align: justify;\">A absolvit Facultatea de Drept a Universitatii din Bucuresti in anul 1998 si Institutul National al Magistraturii in anul 2003. Studii postuniversitare (Programul Postuniversitar de formare \u015fi dezvoltare profesional\u0103 continu\u0103 &#8211; specializarea Drept privat &#8211; \u201eReglement\u0103ri cuprinse \u00een Noul Cod civil \u015fi \u00een Noul Cod de procedur\u0103 civil\u0103\u201d) \u00een cadrul Facult\u0103\u021bii de Drept a Universitatii din Bucuresti (2013), respectiv \u00een cadrul Academiei de \u015etiin\u0163e Economice din Bucure\u015fti, Facultatea de Administra\u021bie \u0219i Management Public (Programul postuniversitar \u201cIni\u0163iere \u00een managementul institu\u0163iilor publice\u201d, 2015). Studii doctorale la Universitatea din Bucure\u015fti, Facultatea de Drept, drept constitutional, tema tezei de doctorat \u201dDialogul dintre tribunalele constitu\u021bionale \u0219i Curtea de Justi\u021bie a Uniunii Europene\u201d (2013-2016).<\/p>\n<p>&nbsp;<\/p>\n<p>Stagii de specializare la Curtea de Justi\u0163ie a Uniunii Europene (aprilie-iunie 2005), CEELI Institute Praga (\u201cBuilding Judicial Integrity\u201d octombrie-noiembrie 2007, Tribunal Superior de Justicia Madrid, Spania (septembrie 2010), cursuri de formare \u00een cadrul Consejo General del Poder Judicial Madrid, Spania, si European Judicial Training Network (EJTN) &#8211; Espacio Judicial Europeo Social (decembrie 2010 \u2013 octombrie 2011), respectiv Etude systematique de l\u2019espace judiciaire europ\u00e9en en mati\u00e8re civile et commerciale (decembrie 2010 \u2013 decembrie 2011). A participat, sustinand prelegeri, la sute de conferinte stiintifice organizate in Romania sau in alte state (intre altele, la Paris, Luxembourg, Roma, Nice, L\u00fcbeck, Budapesta, Palermo, Ankara, Barcelona, Madrid, Trier, Sofia, Aix-en-Provence, Fontevrault, Viena, Saint Vincent de Mercuze, Chi\u015fin\u0103u).<\/p>\n<p>&nbsp;<\/p>\n<p style=\"text-align: justify;\">Este autor sau coautor al aproximativ 60 de volume juridice si al peste 100 de articole de specialitate, publicate in Romania, Franta, Germania, Marea Britanie, Spania, Portugalia, Cehia, Argentina, Armenia. Printre ultimele lucrari publicate: <a href=\"http:\/\/www.hamangiu.ro\/produse\/Limitele-libertatii-de-exprimare.-Politicieni%2C-jurnalisti%2C-magistrati.html\" target=\"_blank\"><em>Limitele libertatii de exprimare. Politicieni, jurnalisti, magistrati. Comentarii si jurisprudenta<\/em><\/a> (in colaborare), 2014; <i><a href=\"http:\/\/www.editurauniversitara.ro\/carte\/cedo\/hotararile_cedo_in_cauzele_impotriva_romaniei___1994_2011___analiza_consecinte_autoritati_potential_responsabile_7_volume\/10460\">Hotararile CEDO in cauzele impotriva Romaniei. Analiza, consecinte, autoritati potential responsabile \u2013 in perioada 1994-2014<\/a><\/i> (vol. I-X) (coordonator), 2010-2015; <i><a href=\"http:\/\/www.editions-harmattan.fr\/index.asp?navig=catalogue&amp;obj=livre&amp;no=35931\">Quelle justice pour la France? 31 personnalit\u00e9s r\u00e9pondent aux pr\u00e9occupations des Fran\u00e7ais<\/a><\/i>, \u00c9ditions l&#8217;Harmattan, Paris, 2012; <a href=\"http:\/\/www.hamangiu.ro\/produse\/Procedura-trimiterii-preliminare.-Principii-de-drept-al-Uniunii-Europene-si-experiente-ale-sistemului-roman-de-drept.html\" target=\"_blank\"><em>Procedura trimiterii preliminare. Principii de drept al Uniunii Europene si experiente ale sistemului roman de drept<\/em><\/a> (in colaborare), 2012; <i><a href=\"http:\/\/www.hamangiu.ro\/noul-cod-civil-comentarii-doctrina-jurisprudenta-vol-ii\">Noul Cod civil \u2013 comentarii, doctrina, jurisprudenta. Vol. II. Mosteniri si liberalitati. Obligatii<\/a><\/i> (in colaborare), 2012 (lucrarea a fost distinsa in decembrie 2012 cu premiul \u201dMihail Eliescu\u201d al Uniunii Juri\u015ftilor din Rom\u00e2nia); <em>Culegere de hotarari judecatoresti pronuntate in materia medierii. <\/em><em>Note si comentarii, ed. a 2-a<\/em> (in colaborare), 2012; <em>Jurisprudenta recenta in materia organizarii judecatoresti si a statutului magistratilor<\/em> (in colaborare), 2012; <a href=\"http:\/\/www.hamangiu.ro\/produse\/Refuzul-instantelor-nationale-de-a-trimite-intrebari-preliminare.html\" target=\"_blank\"><em>Refuzul instantelor nationale de a trimite intrebari preliminare. Jurisprudenta romaneasca<\/em><\/a> (in colaborare), 2013; <em>Dictionar de drepturile omului<\/em> (in colaborare), 2013 (lucrarea a fost desemnat\u0103 \u201dCartea lunii\u201d \u00een ianuarie 2014 de Ministerul Afacerilor Externe din Rom\u00e2nia); <a href=\"http:\/\/www.hamangiu.ro\/produse\/Cooperarea-judiciara-in-materie-civila-si-comerciala-in-Uniunea-Europeana.html\" target=\"_blank\"><em>Cooperarea judiciara in materie civila si comerciala in Uniunea Europeana<\/em><\/a> (in colaborare), 2014; <i><a href=\"http:\/\/www.editions-harmattan.fr\/index.asp?navig=catalogue&amp;obj=livre&amp;no=47092&amp;motExact=0&amp;motcle=&amp;mode=AND\">La M\u00e9diation, un chemin de paix pour la justice en Europe<\/a><\/i>, \u00c9ditions l&#8217;Harmattan, Paris, (coordonator), 2015; <i><a href=\"http:\/\/www.editurauniversitara.ro\/carte\/carti_in_curs_de_aparitie\/dreptul_uniunii_europene_si_tribunalele_constitutionale_ale_statelor_membre_interviuri\/11241\">Dreptul Uniunii Europene \u015fi tribunalele constitu\u0163ionale ale statelor membre. Interviuri<\/a> <\/i>(coordonator), 2015;<b> <\/b><i><a href=\"http:\/\/www.editurauniversitara.ro\/carte\/drept-3\/directiva___act_de_dreptul_uniunii_europene_si_dreptul_roman\/11301\">Directiva \u2013 act de dreptul Uniunii Europene \u015fi dreptul rom\u00e2n<\/a> <\/i>(coordonator), 2016; <i>La mediation entre l&#8217;habitude d&#8217;avoir recours au systeme traditionnel de justice et le remboursement de l&#8217;integralite des frais de justice<\/i> \u00een volumul <i><a href=\"http:\/\/www.springer.com\/gp\/book\/9783319181349\">New Developments in Civil and Commercial Mediation &#8211; Global Comparative Perspectives (Ius Comparatum &#8211; Global Studies in Comparative Law)<\/a>, <\/i>coord. Carlos Esplugues \u0219i Louis Marquis, Springer, Heidelberg, 2015. Forthcoming:<i> <\/i>Drago\u0219 C\u0103lin, Mihai Banu, Mihai \u0218andru, La Charte des droits fondamentaux de l\u2019Union europ\u00e9enne en Roumanie, \u00een Laurence Burgorgue Larsen (coord.), <i>La Charte des droits fondamentaux de l\u2019Union europ\u00e9enne saisie par les juges en Europe<\/i>, Col. Cahiers europ\u00e9ene, IREDIES &#8211; Institut de recherche en droit international et europ\u00e9en de la Sorbonne, <a href=\"https:\/\/www.univ-paris1.fr\/\" target=\"_blank\">Universit\u00e9 Paris 1 Panth\u00e9on-Sorbonne<\/a>, Pedone, Paris, 2016.<\/p>\n<p><b>\u00a0<\/b><\/p>\n","protected":false},"excerpt":{"rendered":"","protected":false},"author":1,"featured_media":0,"comment_status":"closed","ping_status":"open","sticky":false,"template":"","format":"standard","meta":{"footnotes":""},"categories":[8,77],"tags":[],"class_list":["post-1072","post","type-post","status-publish","format-standard","hentry","category-despre-noi","category-structura"],"_links":{"self":[{"href":"http:\/\/www.ardae.ro\/index.php?rest_route=\/wp\/v2\/posts\/1072"}],"collection":[{"href":"http:\/\/www.ardae.ro\/index.php?rest_route=\/wp\/v2\/posts"}],"about":[{"href":"http:\/\/www.ardae.ro\/index.php?rest_route=\/wp\/v2\/types\/post"}],"author":[{"embeddable":true,"href":"http:\/\/www.ardae.ro\/index.php?rest_route=\/wp\/v2\/users\/1"}],"replies":[{"embeddable":true,"href":"http:\/\/www.ardae.ro\/index.php?rest_route=%2Fwp%2Fv2%2Fcomments&post=1072"}],"version-history":[{"count":9,"href":"http:\/\/www.ardae.ro\/index.php?rest_route=\/wp\/v2\/posts\/1072\/revisions"}],"predecessor-version":[{"id":2582,"href":"http:\/\/www.ardae.ro\/index.php?rest_route=\/wp\/v2\/posts\/1072\/revisions\/2582"}],"wp:attachment":[{"href":"http:\/\/www.ardae.ro\/index.php?rest_route=%2Fwp%2Fv2%2Fmedia&parent=1072"}],"wp:term":[{"taxonomy":"category","embeddable":true,"href":"http:\/\/www.ardae.ro\/index.php?rest_route=%2Fwp%2Fv2%2Fcategories&post=1072"},{"taxonomy":"post_tag","embeddable":true,"href":"http:\/\/www.ardae.ro\/index.php?rest_route=%2Fwp%2Fv2%2Ftags&post=1072"}],"curies":[{"name":"wp","href":"https:\/\/api.w.org\/{rel}","templated":true}]}}