{"id":1065,"date":"2012-11-06T17:01:28","date_gmt":"2012-11-06T17:01:28","guid":{"rendered":"http:\/\/www.ardae.ro\/?p=1065"},"modified":"2014-11-06T18:56:06","modified_gmt":"2014-11-06T18:56:06","slug":"florin-irimia","status":"publish","type":"post","link":"http:\/\/www.ardae.ro\/?p=1065","title":{"rendered":"Florin Irimia"},"content":{"rendered":"<p><!--more--><\/p>\n<p><a href=\"http:\/\/www.ardae.ro\/wp-content\/uploads\/Florin-Irimia.jpg\"><img loading=\"lazy\" decoding=\"async\" class=\"alignleft size-full wp-image-1066\" alt=\"Florin Irimia\" src=\"http:\/\/www.ardae.ro\/wp-content\/uploads\/Florin-Irimia.jpg\" width=\"183\" height=\"275\" \/><\/a>Florin Irimia<\/p>\n<p>Este avocat \u00een Baroul Bucure\u015fti. A absolvit cursurile <a href=\"http:\/\/www.drept.uvt.ro\/\" target=\"_blank\">Facult\u0103\u0163ii de drept a Universit\u0103\u0163ii\u00a0de Vest\u00a0Timi\u015foara<\/a>. Studiile postuniversitare le-a urmat \u00een Paris, astfel:\u00a0 Master \u00een istoria dreptului european la Universitatea Paris Val de Marne Master \u00een drept privat\u00a0 la <a href=\"http:\/\/www.u-pec.fr\/\" target=\"_blank\">Universitatea Paris Val de Marne<\/a>, Master \u00een dreptul afacerilor la Universitatea Paris Val de Marne, Doctorat\u00a0\u00een curs\u00a0\u00een achizi\u0163ii publice la <a href=\"http:\/\/www.u-paris2.fr\/\" target=\"_blank\">Universitatea Pantheon- Assas, Paris<\/a>. \u00cen prezent este avocat asociat \u00een <a href=\"http:\/\/www.ceparu-irimia.ro\/\" target=\"_blank\">Societatea civil\u0103 de avoca\u0163i \u201eCeparu \u015fi Irimia\u201d<\/a>. Domenii de specialitate: expert \u00een achizi\u0163ii publice,\u00a0parteneriat public privat, fonduri europene.<\/p>\n<p>Membru aderent ARDAE.<\/p>\n","protected":false},"excerpt":{"rendered":"","protected":false},"author":1,"featured_media":0,"comment_status":"closed","ping_status":"open","sticky":false,"template":"","format":"standard","meta":{"footnotes":""},"categories":[8,10],"tags":[],"class_list":["post-1065","post","type-post","status-publish","format-standard","hentry","category-despre-noi","category-membri-aderenti"],"_links":{"self":[{"href":"http:\/\/www.ardae.ro\/index.php?rest_route=\/wp\/v2\/posts\/1065"}],"collection":[{"href":"http:\/\/www.ardae.ro\/index.php?rest_route=\/wp\/v2\/posts"}],"about":[{"href":"http:\/\/www.ardae.ro\/index.php?rest_route=\/wp\/v2\/types\/post"}],"author":[{"embeddable":true,"href":"http:\/\/www.ardae.ro\/index.php?rest_route=\/wp\/v2\/users\/1"}],"replies":[{"embeddable":true,"href":"http:\/\/www.ardae.ro\/index.php?rest_route=%2Fwp%2Fv2%2Fcomments&post=1065"}],"version-history":[{"count":8,"href":"http:\/\/www.ardae.ro\/index.php?rest_route=\/wp\/v2\/posts\/1065\/revisions"}],"predecessor-version":[{"id":1116,"href":"http:\/\/www.ardae.ro\/index.php?rest_route=\/wp\/v2\/posts\/1065\/revisions\/1116"}],"wp:attachment":[{"href":"http:\/\/www.ardae.ro\/index.php?rest_route=%2Fwp%2Fv2%2Fmedia&parent=1065"}],"wp:term":[{"taxonomy":"category","embeddable":true,"href":"http:\/\/www.ardae.ro\/index.php?rest_route=%2Fwp%2Fv2%2Fcategories&post=1065"},{"taxonomy":"post_tag","embeddable":true,"href":"http:\/\/www.ardae.ro\/index.php?rest_route=%2Fwp%2Fv2%2Ftags&post=1065"}],"curies":[{"name":"wp","href":"https:\/\/api.w.org\/{rel}","templated":true}]}}