{"id":1059,"date":"2012-11-06T16:55:16","date_gmt":"2012-11-06T16:55:16","guid":{"rendered":"http:\/\/www.ardae.ro\/?p=1059"},"modified":"2021-03-20T08:02:29","modified_gmt":"2021-03-20T08:02:29","slug":"nicolae-ploesteanu","status":"publish","type":"post","link":"http:\/\/www.ardae.ro\/?p=1059","title":{"rendered":"Nicolae Dragos Ploesteanu"},"content":{"rendered":"<p><!--more--><\/p>\n<p><strong><br \/>\n<a href=\"http:\/\/www.upm.ro\/facultati_departamente\/ea\/index.html\" target=\"_blank\" rel=\"noopener\"><img loading=\"lazy\" decoding=\"async\" class=\"alignleft size-medium wp-image-2378\" src=\"http:\/\/www.ardae.ro\/wp-content\/uploads\/Nicolae-Ploesteanu1-300x225.jpg\" alt=\"Nicolae Ploesteanu\" width=\"300\" height=\"225\" srcset=\"http:\/\/www.ardae.ro\/wp-content\/uploads\/Nicolae-Ploesteanu1-300x225.jpg 300w, http:\/\/www.ardae.ro\/wp-content\/uploads\/Nicolae-Ploesteanu1.jpg 400w\" sizes=\"(max-width: 300px) 100vw, 300px\" \/><\/a>Nicolae Dragos Ploesteanu<\/strong><\/p>\n<p style=\"text-align: justify;\">Este conferen\u0163iar universitar doctor \u00een cadrul Universit\u0103\u0163ii de Medicin\u0103, Farmacie, \u0218tiin\u021be \u0219i Tehnologie &#8220;George Emil Palade&#8221; , T\u00e2rgu Mure\u0219 si director &#8211; Centrului de protec\u021bia datelor (CPD). A\u00a0fondat \u0219i coordonat cercul de drept Ius Iuventutis, specializare \u00een domeniul tratatelor interna\u021bionale. Este membru <a href=\"https:\/\/www.asil.org\/\" target=\"_blank\" rel=\"noopener\">ASIL<\/a> &#8211; American Society of International Law si\u00a0al Asocia\u0163iei Rom\u00e2ne de Drept \u015fi Afaceri Europene &#8211; ARDAE.<\/p>\n<p><a href=\"https:\/\/www.linkedin.com\/in\/nicolae-ploe%C8%99teanu-867056b0\/\">linkedin<\/a><\/p>\n<p style=\"text-align: justify;\"><a href=\"https:\/\/www.researchgate.net\/profile\/Nicolae_Ploesteanu\" target=\"_blank\" rel=\"noopener\">researchgate<\/a><\/p>\n<p>***<\/p>\n<p><strong><a href=\"http:\/\/www.ardae.ro\/?p=47\" target=\"_blank\" rel=\"noopener\">Dobandirea calitatii de membru aderent<\/a><\/strong><\/p>\n<p><a href=\"http:\/\/www.ardae.ro\/?p=436\" target=\"_blank\" rel=\"noopener\"><strong>Lista membri aderenti ARDAE \u2013 Asociatia romana de drept si afaceri europene<\/strong><\/a><\/p>\n<p><a href=\"http:\/\/www.csde.ro\/?page_id=2038\" target=\"_blank\" rel=\"noopener\">Dialog &amp; forum Drept si afaceri europene in Romania<\/a><\/p>\n","protected":false},"excerpt":{"rendered":"","protected":false},"author":1,"featured_media":0,"comment_status":"closed","ping_status":"open","sticky":false,"template":"","format":"standard","meta":{"footnotes":""},"categories":[8,10],"tags":[],"class_list":["post-1059","post","type-post","status-publish","format-standard","hentry","category-despre-noi","category-membri-aderenti"],"_links":{"self":[{"href":"http:\/\/www.ardae.ro\/index.php?rest_route=\/wp\/v2\/posts\/1059"}],"collection":[{"href":"http:\/\/www.ardae.ro\/index.php?rest_route=\/wp\/v2\/posts"}],"about":[{"href":"http:\/\/www.ardae.ro\/index.php?rest_route=\/wp\/v2\/types\/post"}],"author":[{"embeddable":true,"href":"http:\/\/www.ardae.ro\/index.php?rest_route=\/wp\/v2\/users\/1"}],"replies":[{"embeddable":true,"href":"http:\/\/www.ardae.ro\/index.php?rest_route=%2Fwp%2Fv2%2Fcomments&post=1059"}],"version-history":[{"count":12,"href":"http:\/\/www.ardae.ro\/index.php?rest_route=\/wp\/v2\/posts\/1059\/revisions"}],"predecessor-version":[{"id":3860,"href":"http:\/\/www.ardae.ro\/index.php?rest_route=\/wp\/v2\/posts\/1059\/revisions\/3860"}],"wp:attachment":[{"href":"http:\/\/www.ardae.ro\/index.php?rest_route=%2Fwp%2Fv2%2Fmedia&parent=1059"}],"wp:term":[{"taxonomy":"category","embeddable":true,"href":"http:\/\/www.ardae.ro\/index.php?rest_route=%2Fwp%2Fv2%2Fcategories&post=1059"},{"taxonomy":"post_tag","embeddable":true,"href":"http:\/\/www.ardae.ro\/index.php?rest_route=%2Fwp%2Fv2%2Ftags&post=1059"}],"curies":[{"name":"wp","href":"https:\/\/api.w.org\/{rel}","templated":true}]}}