{"id":1052,"date":"2014-10-05T13:54:23","date_gmt":"2014-10-05T13:54:23","guid":{"rendered":"http:\/\/www.ardae.ro\/?p=1052"},"modified":"2014-11-05T13:56:50","modified_gmt":"2014-11-05T13:56:50","slug":"la-conference-csde-11-11-2014-la-directive-acte-de-droit-de-lunion-europeenne-et-le-juge-roumain-academie-roumaine","status":"publish","type":"post","link":"http:\/\/www.ardae.ro\/?p=1052","title":{"rendered":"La conf\u00e9rence CSDE 11.11.2014: La directive \u2013 acte de droit de l\u2019Union Europ\u00e9enne \u2013 et le juge roumain, Acad\u00e9mie Roumaine"},"content":{"rendered":"<p><!--more--><\/p>\n<p>La conf\u00e9rence CSDE 11.11.2014: La directive \u2013 acte de droit de l\u2019Union Europ\u00e9enne \u2013 et le juge roumain, Acad\u00e9mie Roumaine<\/p>\n<p>L\u2019Institut de Recherches Juridiques \u00ab Acad. Andrei R\u0103dulescu \u00bb \u2013 Le Centre des \u00c9tudes de Droit Europ\u00e9en (CSDE) de l\u2019Acad\u00e9mie Roumaine et l\u2019Association roumaine de droit et des affaires europ\u00e9ennes (ARDAE) organisent<\/p>\n<p>La conf\u00e9rence<\/p>\n<p><strong>La directive \u2013 acte de droit de l\u2019Union Europ\u00e9enne \u2013 et le juge roumain<\/strong><\/p>\n<p>Acad\u00e9mie Roumaine, le 11 Novembre 2014, 13h00<\/p>\n<p>La directive est un acte de droit de l\u2019Union Europ\u00e9enne (article. 288 TFUE ) qui relie la volont\u00e9 l\u00e9gislative europ\u00e9enne avec la marge disponible aux \u00c9tats membres pour sa mise en \u0153uvre. Elle est la liaison entre le g\u00e9n\u00e9ral et le sp\u00e9cifique. Cependant, beaucoup des allusions (ou des bl\u00e2mes) \u00e0 l\u2019adresse de l\u00e9gislateur europ\u00e9en ont \u00e9t\u00e9 li\u00e9es \u00e0 la description d\u00e9taill\u00e9e des normes \u00e9tablis par les directives; d\u2019autre part, un aspect important dans le cadre de la directive est l\u2019application et l\u2019interpr\u00e9tation du droit de l\u2019Union Europ\u00e9enne , en particulier par les tribunaux de la Roumanie .<\/p>\n<p>CSDE vous remercie de transmettre cette invitation \u00e0 toutes les personnes int\u00e9ress\u00e9es. Il n\u2019y a pas de taxe de participation . Le nombre de participants est limit\u00e9. L\u2019inscription des participants se fait dans l\u2019ordre chronologique des confirmations, par courriel (mihai.sandru@csde.ro) .<\/p>\n<p><a href=\"http:\/\/eubusinesslaw.wordpress.com\/2014\/10\/13\/conferinta-csde-11-11-2014-directiva-act-al-dreptului-uniunii-europene-si-judecatorul-roman-academia-romana\/\" target=\"_blank\">RO<\/a>,\u00a0<a href=\"http:\/\/eubusinesslaw.wordpress.com\/2014\/10\/13\/cels-conference-the-directive-as-act-of-european-union-law-and-the-romanian-judge-romanian-academy-november-11-2014\/\" target=\"_blank\">EN<\/a><\/p>\n","protected":false},"excerpt":{"rendered":"","protected":false},"author":1,"featured_media":0,"comment_status":"closed","ping_status":"open","sticky":false,"template":"","format":"standard","meta":{"footnotes":""},"categories":[55,48],"tags":[],"class_list":["post-1052","post","type-post","status-publish","format-standard","hentry","category-version-francaise","category-evenimente"],"_links":{"self":[{"href":"http:\/\/www.ardae.ro\/index.php?rest_route=\/wp\/v2\/posts\/1052"}],"collection":[{"href":"http:\/\/www.ardae.ro\/index.php?rest_route=\/wp\/v2\/posts"}],"about":[{"href":"http:\/\/www.ardae.ro\/index.php?rest_route=\/wp\/v2\/types\/post"}],"author":[{"embeddable":true,"href":"http:\/\/www.ardae.ro\/index.php?rest_route=\/wp\/v2\/users\/1"}],"replies":[{"embeddable":true,"href":"http:\/\/www.ardae.ro\/index.php?rest_route=%2Fwp%2Fv2%2Fcomments&post=1052"}],"version-history":[{"count":1,"href":"http:\/\/www.ardae.ro\/index.php?rest_route=\/wp\/v2\/posts\/1052\/revisions"}],"predecessor-version":[{"id":1053,"href":"http:\/\/www.ardae.ro\/index.php?rest_route=\/wp\/v2\/posts\/1052\/revisions\/1053"}],"wp:attachment":[{"href":"http:\/\/www.ardae.ro\/index.php?rest_route=%2Fwp%2Fv2%2Fmedia&parent=1052"}],"wp:term":[{"taxonomy":"category","embeddable":true,"href":"http:\/\/www.ardae.ro\/index.php?rest_route=%2Fwp%2Fv2%2Fcategories&post=1052"},{"taxonomy":"post_tag","embeddable":true,"href":"http:\/\/www.ardae.ro\/index.php?rest_route=%2Fwp%2Fv2%2Ftags&post=1052"}],"curies":[{"name":"wp","href":"https:\/\/api.w.org\/{rel}","templated":true}]}}