{"id":1038,"date":"2014-11-04T08:09:33","date_gmt":"2014-11-04T08:09:33","guid":{"rendered":"http:\/\/www.ardae.ro\/?p=1038"},"modified":"2014-12-04T19:13:58","modified_gmt":"2014-12-04T19:13:58","slug":"concurs-de-drept-european-fiat-iustitia-moot-court-competitions-targu-mures-martie-2015","status":"publish","type":"post","link":"http:\/\/www.ardae.ro\/?p=1038","title":{"rendered":"Concurs de Drept European \u2013 FIAT IUSTITIA MOOT COURT COMPETITIONS, Targu Mures, martie 2015"},"content":{"rendered":"<h2><!--more--><\/h2>\n<h2><strong><br \/>\n<a href=\"http:\/\/www.ardae.ro\/wp-content\/uploads\/Fiat-Iustitia-Concurs-drept-UE.jpg\"><img loading=\"lazy\" decoding=\"async\" class=\"alignleft size-medium wp-image-1039\" alt=\"Fiat Iustitia Concurs drept UE\" src=\"http:\/\/www.ardae.ro\/wp-content\/uploads\/Fiat-Iustitia-Concurs-drept-UE-212x300.jpg\" width=\"212\" height=\"300\" srcset=\"http:\/\/www.ardae.ro\/wp-content\/uploads\/Fiat-Iustitia-Concurs-drept-UE-212x300.jpg 212w, http:\/\/www.ardae.ro\/wp-content\/uploads\/Fiat-Iustitia-Concurs-drept-UE-724x1024.jpg 724w\" sizes=\"(max-width: 212px) 100vw, 212px\" \/><\/a>PREZENTAREA GENERAL\u0102 A CONCURSULUI<\/strong><\/h2>\n<p><strong>Concurs de Drept European \u2013 FIAT IUSTITIA MOOT COURT COMPETITIONS, Targu Mures, martie 2015<\/strong><\/p>\n<div>\n<div>\n<p>Ideea acestui concurs este produsul unor dorin\u021be fire\u0219ti pentru speciali\u0219ti ai dreptului Uniunii Europene \u0219i aici, cercul\u00a0<em>Ius Iuventutis<\/em>\u00a0\u00eel men\u021bioneaz\u0103 pe domnul Mihai \u0218andru, care are un profil asem\u0103n\u0103tor altor pionieri \u00een drept ai cercului: Ani\u0219oara MOLDOVAN, Felix ZAHARIA \u0219i Elena VIDICAN. Evident ca exist\u0103 mul\u021bi al\u021bii care au tr\u0103s\u0103turile pionieratului, \u00eensa cu to\u021bii st\u0103m s\u0103 a\u0219tept\u0103m ce va urma, odat\u0103 cu prima edi\u021bie a concursului, care va avea loc \u00een 14-15 martie 2015.<\/p>\n<p>Concursul de procese simulate Fiat Iustitia, pe tema dreptului european, este primul de acest tip din Rom\u00e2nia, \u0219i reprezint\u0103 o metod\u0103 competitiv\u0103 prin care cercul\u00a0<em>Ius Iuventutis<\/em>dore\u0219te s\u0103 promoveze \u0219i s\u0103 stimuleze studiului dreptului UE. Ne bucur\u0103m c\u0103 \u00een acest an ne extindem spre dreptul european, \u0219i sper\u0103m la un num\u0103r c\u00e2t mai mare de participan\u021bi.<\/p>\n<\/div>\n<\/div>\n<p><!--more--><\/p>\n<h2><a href=\"https:\/\/fiatiustitia.upm.ro\/wp-content\/uploads\/2014\/08\/Desc%C4%83rca%C5%A3i-REGULAMENTUL-Concursului-de-Drept-al-Uniunii-Europene.pdf\">Desc\u0103rca\u0163i REGULAMENTUL Concursului de Drept al Uniunii Europene<\/a><\/h2>\n<div>\n<div>\n<p><a href=\"https:\/\/fiatiustitia.upm.ro\/wp-content\/uploads\/2014\/08\/Programul-Concursului-de-Drept-al-Uniunii-Europene.pdf\">Desc\u0103rca\u0163i Programul Concursului de Drept al Uniunii Europene<\/a><\/p>\n<p><a href=\"https:\/\/fiatiustitia.upm.ro\/wp-content\/uploads\/2014\/08\/Cauza_DreptEuropean.pdf\">Cauza_DreptEuropean<\/a><\/p>\n<p><a href=\"https:\/\/fiatiustitia.upm.ro\/wp-content\/uploads\/2014\/08\/Anexa_1.pdf\">Anexa_1<\/a><\/p>\n<p><a href=\"https:\/\/fiatiustitia.upm.ro\/wp-content\/uploads\/2014\/08\/Anexa_2.pdf\">Anexa_2<\/a><\/p>\n<p><a href=\"https:\/\/fiatiustitia.upm.ro\/wp-content\/uploads\/2014\/08\/Anexa_3.pdf\">Anexa_3<\/a><\/p>\n<p><a href=\"https:\/\/fiatiustitia.upm.ro\/wp-content\/uploads\/2014\/08\/Anexa_4.pdf\">Anexa_4<\/a><\/p>\n<p><a href=\"https:\/\/fiatiustitia.upm.ro\/wp-content\/uploads\/2014\/08\/Anexa_5.pdf\">Anexa_5<\/a><\/p>\n<p><a href=\"https:\/\/fiatiustitia.upm.ro\/wp-content\/uploads\/2014\/08\/Anexa_6.pdf\">Anexa_6<\/a><\/p>\n<p><strong><a href=\"https:\/\/fiatiustitia.upm.ro\/?page_id=102\" target=\"_blank\">DETALII<\/a><\/strong><\/p>\n<\/div>\n<\/div>\n","protected":false},"excerpt":{"rendered":"","protected":false},"author":1,"featured_media":0,"comment_status":"closed","ping_status":"open","sticky":false,"template":"","format":"standard","meta":{"footnotes":""},"categories":[48],"tags":[],"class_list":["post-1038","post","type-post","status-publish","format-standard","hentry","category-evenimente"],"_links":{"self":[{"href":"http:\/\/www.ardae.ro\/index.php?rest_route=\/wp\/v2\/posts\/1038"}],"collection":[{"href":"http:\/\/www.ardae.ro\/index.php?rest_route=\/wp\/v2\/posts"}],"about":[{"href":"http:\/\/www.ardae.ro\/index.php?rest_route=\/wp\/v2\/types\/post"}],"author":[{"embeddable":true,"href":"http:\/\/www.ardae.ro\/index.php?rest_route=\/wp\/v2\/users\/1"}],"replies":[{"embeddable":true,"href":"http:\/\/www.ardae.ro\/index.php?rest_route=%2Fwp%2Fv2%2Fcomments&post=1038"}],"version-history":[{"count":3,"href":"http:\/\/www.ardae.ro\/index.php?rest_route=\/wp\/v2\/posts\/1038\/revisions"}],"predecessor-version":[{"id":1407,"href":"http:\/\/www.ardae.ro\/index.php?rest_route=\/wp\/v2\/posts\/1038\/revisions\/1407"}],"wp:attachment":[{"href":"http:\/\/www.ardae.ro\/index.php?rest_route=%2Fwp%2Fv2%2Fmedia&parent=1038"}],"wp:term":[{"taxonomy":"category","embeddable":true,"href":"http:\/\/www.ardae.ro\/index.php?rest_route=%2Fwp%2Fv2%2Fcategories&post=1038"},{"taxonomy":"post_tag","embeddable":true,"href":"http:\/\/www.ardae.ro\/index.php?rest_route=%2Fwp%2Fv2%2Ftags&post=1038"}],"curies":[{"name":"wp","href":"https:\/\/api.w.org\/{rel}","templated":true}]}}