{"id":1035,"date":"2012-11-03T19:16:35","date_gmt":"2012-11-03T19:16:35","guid":{"rendered":"http:\/\/www.ardae.ro\/?p=1035"},"modified":"2014-11-06T18:20:09","modified_gmt":"2014-11-06T18:20:09","slug":"oana-irimia","status":"publish","type":"post","link":"http:\/\/www.ardae.ro\/?p=1035","title":{"rendered":"Oana Irimia"},"content":{"rendered":"<p style=\"text-align: justify;\"><!--more--><\/p>\n<p style=\"text-align: justify;\">Irimia Oana Iulia este student\u0103 \u00een anul III la Facultatea de Drept, Specializarea Drept european \u015fi interna\u0163ional din cadrul Universit\u0103\u0163ii \u201aNicolae Titulescu\u2019 din Bucure\u015fti. Totodat\u0103, ea este absolvent\u0103 a Facult\u0103\u0163ii de \u015ftiin\u0163e administrative, Specializarea rela\u0163ii interna\u0163ionale \u015fi studii europene din cadrul aceleia\u015fi Universit\u0103\u0163i cu o lucrarea de licen\u0163\u0103 dedicat\u0103 jurispruden\u0163ei CEDO \u00een materia protec\u0163iei dreptului la intimitate \u015fi a libert\u0103\u0163ii de informare \u015fi a unui master de Studii de dezvoltare \u015fi etica rela\u0163iilor interna\u0163ionale din cadrul Universit\u0103\u0163ii din Bucure\u015fti, cu o lucrare dedicat\u0103 securit\u0103\u0163ii energetice \u00een spa\u0163iul Uniunii Europene \u00een epoca post- Euromaidan.<\/p>\n<p style=\"text-align: justify;\">A realizat, \u00een paralel, articole academice \u015fi jurnalistice \u00een domeniul dreptului interna\u0163ional public, a dreptului european precum \u015fi \u00een domeniul rela\u0163iilor interna\u0163ionale \u015fi studiilor de securitate \u015fi a drepturilor omului \u00een publica\u0163ii precum Revista Rom\u00e2n\u0103 de Drept Public, Publica\u0163iile Conferin\u0163ei Interna\u0163ionale Studen\u0163e\u015fti Constant, Revista interna\u0163ional\u0103 Lawyr.it \u015fi Foreign Policy Rom\u00e2nia.<\/p>\n<p style=\"text-align: justify;\">Pe l\u00e2ng\u0103 domeniul scrierii \u015fi edit\u0103rii de articole, este preocupat\u0103 de domeniul protec\u0163iei drepturilor omului la nivel interna\u0163ional c\u00e2t \u015fi european, fapt demonstrat prin participarea la studii interna\u0163ionale dedicate dreptului interna\u0163ional umanitar \u015fi implement\u0103rii sale la nivel na\u0163ional, c\u00e2t \u015fi prin participarea la simul\u0103ri de procese interna\u0163ionale dedicat aplic\u0103rii dreptului interna\u0163ional umanitar, drepturilor omului \u015fi dreptului penal interna\u0163ional, dar \u015fi prin participarea \u00een calitate de activist al Amnesty International, la campaniile sale na\u0163ionale \u015fi interna\u0163ionale dedicate con\u015ftientiz\u0103rii importan\u0163ei drepturilor omului.<\/p>\n<blockquote><p>Oana Irimia este membru ARDAE &#8211; Asociatia Romana de Drept si Afaceri Europene din 27.10.2014.<\/p><\/blockquote>\n","protected":false},"excerpt":{"rendered":"","protected":false},"author":1,"featured_media":0,"comment_status":"closed","ping_status":"open","sticky":false,"template":"","format":"standard","meta":{"footnotes":""},"categories":[10],"tags":[],"class_list":["post-1035","post","type-post","status-publish","format-standard","hentry","category-membri-aderenti"],"_links":{"self":[{"href":"http:\/\/www.ardae.ro\/index.php?rest_route=\/wp\/v2\/posts\/1035"}],"collection":[{"href":"http:\/\/www.ardae.ro\/index.php?rest_route=\/wp\/v2\/posts"}],"about":[{"href":"http:\/\/www.ardae.ro\/index.php?rest_route=\/wp\/v2\/types\/post"}],"author":[{"embeddable":true,"href":"http:\/\/www.ardae.ro\/index.php?rest_route=\/wp\/v2\/users\/1"}],"replies":[{"embeddable":true,"href":"http:\/\/www.ardae.ro\/index.php?rest_route=%2Fwp%2Fv2%2Fcomments&post=1035"}],"version-history":[{"count":4,"href":"http:\/\/www.ardae.ro\/index.php?rest_route=\/wp\/v2\/posts\/1035\/revisions"}],"predecessor-version":[{"id":1101,"href":"http:\/\/www.ardae.ro\/index.php?rest_route=\/wp\/v2\/posts\/1035\/revisions\/1101"}],"wp:attachment":[{"href":"http:\/\/www.ardae.ro\/index.php?rest_route=%2Fwp%2Fv2%2Fmedia&parent=1035"}],"wp:term":[{"taxonomy":"category","embeddable":true,"href":"http:\/\/www.ardae.ro\/index.php?rest_route=%2Fwp%2Fv2%2Fcategories&post=1035"},{"taxonomy":"post_tag","embeddable":true,"href":"http:\/\/www.ardae.ro\/index.php?rest_route=%2Fwp%2Fv2%2Ftags&post=1035"}],"curies":[{"name":"wp","href":"https:\/\/api.w.org\/{rel}","templated":true}]}}