{"id":1006,"date":"2012-10-27T12:29:10","date_gmt":"2012-10-27T12:29:10","guid":{"rendered":"http:\/\/www.ardae.ro\/?p=1006"},"modified":"2014-11-06T18:20:23","modified_gmt":"2014-11-06T18:20:23","slug":"alina-tonigaru","status":"publish","type":"post","link":"http:\/\/www.ardae.ro\/?p=1006","title":{"rendered":"Alina Tonigaru"},"content":{"rendered":"<p><!--more--><\/p>\n<p><a href=\"http:\/\/www.ardae.ro\/wp-content\/uploads\/Alina-Tonigaru.jpg\"><img loading=\"lazy\" decoding=\"async\" class=\"alignleft size-thumbnail wp-image-1015\" alt=\"Alina Tonigaru\" src=\"http:\/\/www.ardae.ro\/wp-content\/uploads\/Alina-Tonigaru-150x150.jpg\" width=\"150\" height=\"150\" \/><\/a>Alina Tonigaru<\/p>\n<p>&nbsp;<\/p>\n<p>Studii:\u00a0 Facultatea de Drept, Universitatea A.I.Cuza Ia\u015fi \u00a0&#8211; 1997;<\/p>\n<p>Studii postuniversitare Drept Interna\u0163ional Umanitar \u2013 Universitatea Bucure\u015fti \u2013 2002<\/p>\n<p>Colegiul Superior de Siguran\u0163\u0103 Na\u0163ional\u0103 \u2013 Academia Na\u0163ional\u0103 de Informa\u0163ii \u2013 2004<\/p>\n<p>&nbsp;<\/p>\n<p>A participat la diverse seminarii, conferin\u0163e \u015fi reuniuni in domeniul dreptului Uniunii Europene, drepturile omului, criminologie, acces la informa\u0163ii \u015fi transparen\u0163\u0103 decizional\u0103.<\/p>\n<p>&nbsp;<\/p>\n<p>Activitate: Alina Tonigaru a fost avocat \u00een cadrul Baroului Ia\u015fi \u00een perioada 1997-2000 (avocat definitiv &#8211; 1998), asistent judiciar \u00een cadrul completelor de dreptul muncii la Tribunalul Ia\u015fi \u00een perioada 2000-2002.<\/p>\n<p>\u00cencep\u00e2nd din anul 2003 \u015fi p\u00e2n\u0103 la debutul anului 2006 a ocupat pozi\u0163ia de purt\u0103tor de cuv\u00e2nt \u015fi coordonator al departamentelor de comunicare \u015fi rela\u0163ii cu presa ale Ministerului Justi\u0163iei \u015fi Direc\u0163iei Na\u0163ionale Anticorup\u0163ie.<\/p>\n<p>Din anul 2006 \u015fi p\u00e2n\u0103 \u00een prezent, asigur\u0103 reprezentarea intereselor Direc\u0163iei Na\u0163ionale Anticorup\u0163ie \u00een fa\u0163a instan\u0163elor judec\u0103tore\u015fti \u015fi a altor organe judiciare \u00een litigiile civile, fiind consilier juridic\u00a0 &#8211; personal de specialitate juridica asimilat judec\u0103torilor \u015fi procurorilor \u00een cadrul acestei institu\u0163ii.<\/p>\n<p>Publica\u0163ii: autor al unor articole pe teme de drept interna\u0163ional umanitar \u015fi coautor al unei culegeri de studii pe tema securit\u0103\u0163ii na\u0163ionale, publicat\u0103 sub coordonarea Prof.Dr. Cristian Troncot\u0103.<\/p>\n<p>Membr\u0103 a Asocia\u0163iei Rom\u00e2ne de Drept Umanitar, Asocia\u0163iei Rom\u00e2ne a Profesioni\u015ftilor \u00een Rela\u0163ii Publice \u015fi a Asocia\u0163iei Pro Justi\u0163ia<\/p>\n<p>Membru ARDAE din 27.10.2014.<\/p>\n","protected":false},"excerpt":{"rendered":"","protected":false},"author":1,"featured_media":0,"comment_status":"closed","ping_status":"open","sticky":false,"template":"","format":"standard","meta":{"footnotes":""},"categories":[8,10],"tags":[],"class_list":["post-1006","post","type-post","status-publish","format-standard","hentry","category-despre-noi","category-membri-aderenti"],"_links":{"self":[{"href":"http:\/\/www.ardae.ro\/index.php?rest_route=\/wp\/v2\/posts\/1006"}],"collection":[{"href":"http:\/\/www.ardae.ro\/index.php?rest_route=\/wp\/v2\/posts"}],"about":[{"href":"http:\/\/www.ardae.ro\/index.php?rest_route=\/wp\/v2\/types\/post"}],"author":[{"embeddable":true,"href":"http:\/\/www.ardae.ro\/index.php?rest_route=\/wp\/v2\/users\/1"}],"replies":[{"embeddable":true,"href":"http:\/\/www.ardae.ro\/index.php?rest_route=%2Fwp%2Fv2%2Fcomments&post=1006"}],"version-history":[{"count":4,"href":"http:\/\/www.ardae.ro\/index.php?rest_route=\/wp\/v2\/posts\/1006\/revisions"}],"predecessor-version":[{"id":1103,"href":"http:\/\/www.ardae.ro\/index.php?rest_route=\/wp\/v2\/posts\/1006\/revisions\/1103"}],"wp:attachment":[{"href":"http:\/\/www.ardae.ro\/index.php?rest_route=%2Fwp%2Fv2%2Fmedia&parent=1006"}],"wp:term":[{"taxonomy":"category","embeddable":true,"href":"http:\/\/www.ardae.ro\/index.php?rest_route=%2Fwp%2Fv2%2Fcategories&post=1006"},{"taxonomy":"post_tag","embeddable":true,"href":"http:\/\/www.ardae.ro\/index.php?rest_route=%2Fwp%2Fv2%2Ftags&post=1006"}],"curies":[{"name":"wp","href":"https:\/\/api.w.org\/{rel}","templated":true}]}}